{"id":816,"date":"2023-04-20T16:34:00","date_gmt":"2023-04-20T14:34:00","guid":{"rendered":"https:\/\/www.lena-it.fr\/?p=816"},"modified":"2023-06-08T21:39:52","modified_gmt":"2023-06-08T19:39:52","slug":"lena-it-rejoint-la-communaute-les-entreprises-sengagent","status":"publish","type":"post","link":"https:\/\/www.lena-it.fr\/index.php\/2023\/04\/20\/lena-it-rejoint-la-communaute-les-entreprises-sengagent\/","title":{"rendered":"Lena IT rejoint la communaut\u00e9 \u00ab\u00a0Les entreprises s&rsquo;engagent\u00a0\u00bb"},"content":{"rendered":"\n[et_pb_section fb_built=\u00a0\u00bb1&Prime; _builder_version=\u00a0\u00bb4.19.5&Prime; _module_preset=\u00a0\u00bbdefault\u00a0\u00bb da_disable_devices=\u00a0\u00bboff|off|off\u00a0\u00bb global_colors_info=\u00a0\u00bb{}\u00a0\u00bb theme_builder_area=\u00a0\u00bbet_body_layout\u00a0\u00bb da_is_popup=\u00a0\u00bboff\u00a0\u00bb da_exit_intent=\u00a0\u00bboff\u00a0\u00bb da_has_close=\u00a0\u00bbon\u00a0\u00bb da_alt_close=\u00a0\u00bboff\u00a0\u00bb da_dark_close=\u00a0\u00bboff\u00a0\u00bb da_not_modal=\u00a0\u00bbon\u00a0\u00bb da_is_singular=\u00a0\u00bboff\u00a0\u00bb da_with_loader=\u00a0\u00bboff\u00a0\u00bb da_has_shadow=\u00a0\u00bbon\u00a0\u00bb][et_pb_row _builder_version=\u00a0\u00bb4.20.2&Prime; _module_preset=\u00a0\u00bbdefault\u00a0\u00bb width=\u00a0\u00bb100%\u00a0\u00bb max_width=\u00a0\u00bb100%\u00a0\u00bb custom_margin=\u00a0\u00bb|0px||0px|false|false\u00a0\u00bb custom_padding=\u00a0\u00bb|0px||0px|false|false\u00a0\u00bb global_colors_info=\u00a0\u00bb{}\u00a0\u00bb theme_builder_area=\u00a0\u00bbet_body_layout\u00a0\u00bb][et_pb_column type=\u00a0\u00bb4_4&Prime; _builder_version=\u00a0\u00bb4.19.5&Prime; _module_preset=\u00a0\u00bbdefault\u00a0\u00bb global_colors_info=\u00a0\u00bb{}\u00a0\u00bb theme_builder_area=\u00a0\u00bbet_body_layout\u00a0\u00bb][et_pb_image src=\u00a0\u00bbhttps:\/\/www.lena-it.fr\/wp-content\/uploads\/2023\/06\/1682003682117.jpg\u00a0\u00bb alt=\u00a0\u00bbLena IT rejoint la communaut\u00e9 %22Les entreprises s&rsquo;engagent%22&Prime; title_text=\u00a0\u00bbLena IT rejoint la communaut\u00e9 %22Les entreprises s&rsquo;engagent%22&Prime; _builder_version=\u00a0\u00bb4.21.0&Prime; _module_preset=\u00a0\u00bbdefault\u00a0\u00bb hover_enabled=\u00a0\u00bb0&Prime; global_colors_info=\u00a0\u00bb{}\u00a0\u00bb theme_builder_area=\u00a0\u00bbet_body_layout\u00a0\u00bb sticky_enabled=\u00a0\u00bb0&Prime;][\/et_pb_image][et_pb_button button_url=\u00a0\u00bbhttps:\/\/www.linkedin.com\/feed\/update\/urn:li:activity:7054834773902381057&Prime; button_text=\u00a0\u00bbVoir sur LinkedIn\u00a0\u00bb button_alignment=\u00a0\u00bbcenter\u00a0\u00bb _builder_version=\u00a0\u00bb4.21.0&Prime; _module_preset=\u00a0\u00bbdefault\u00a0\u00bb custom_button=\u00a0\u00bbon\u00a0\u00bb button_text_size=\u00a0\u00bb14px\u00a0\u00bb button_text_color=\u00a0\u00bb#68A03E\u00a0\u00bb hover_enabled=\u00a0\u00bb0&Prime; global_colors_info=\u00a0\u00bb{}\u00a0\u00bb theme_builder_area=\u00a0\u00bbet_body_layout\u00a0\u00bb sticky_enabled=\u00a0\u00bb0&Prime;][\/et_pb_button][\/et_pb_column][\/et_pb_row][et_pb_row _builder_version=\u00a0\u00bb4.20.2&Prime; _module_preset=\u00a0\u00bbdefault\u00a0\u00bb width=\u00a0\u00bb100%\u00a0\u00bb max_width=\u00a0\u00bb100%\u00a0\u00bb global_colors_info=\u00a0\u00bb{}\u00a0\u00bb theme_builder_area=\u00a0\u00bbet_body_layout\u00a0\u00bb][et_pb_column type=\u00a0\u00bb4_4&Prime; _builder_version=\u00a0\u00bb4.20.2&Prime; _module_preset=\u00a0\u00bbdefault\u00a0\u00bb global_colors_info=\u00a0\u00bb{}\u00a0\u00bb theme_builder_area=\u00a0\u00bbet_body_layout\u00a0\u00bb][et_pb_text _builder_version=\u00a0\u00bb4.21.0&Prime; _module_preset=\u00a0\u00bbdefault\u00a0\u00bb text_font_size=\u00a0\u00bb16px\u00a0\u00bb hover_enabled=\u00a0\u00bb0&Prime; global_colors_info=\u00a0\u00bb{}\u00a0\u00bb theme_builder_area=\u00a0\u00bbet_body_layout\u00a0\u00bb sticky_enabled=\u00a0\u00bb0&Prime;]<p><strong>Nous rejoignons avec enthousiasme la communaut\u00e9 \u00ab\u00a0Les entreprises s&rsquo;engagent\u00a0\u00bb<\/strong> en tant que nouveau membre ! \ud83d\udca1<\/p>\n<p>Depuis notre cr\u00e9ation, nous avons toujours \u00e9t\u00e9 d\u00e9termin\u00e9s \u00e0 faire face aux d\u00e9fis sociaux et environnementaux qui se pr\u00e9sentent \u00e0 nous. Rejoindre cette communaut\u00e9 dynamique nous permet de renforcer nos engagements et de contribuer activement \u00e0 une soci\u00e9t\u00e9 plus inclusive et \u00e0 un monde durable.<\/p>\n<p>Avec plus de 70 000 entreprises fran\u00e7aises r\u00e9parties dans 101 clubs d\u00e9partementaux, cette communaut\u00e9 constitue une force collective puissante pour promouvoir le changement positif. Ensemble, nous pouvons cr\u00e9er un impact significatif en partageant nos exp\u00e9riences, nos meilleures pratiques et en d\u00e9veloppant des solutions innovantes.<\/p>\n<p><strong>Nous croyons fermement qu&rsquo;un environnement de travail solidaire et stimulant est essentiel pour le bien-\u00eatre de nos collaborateurs.<\/strong> C&rsquo;est pourquoi nous mettons en place des actions concr\u00e8tes pour favoriser une culture d&rsquo;inclusion et de collaboration au sein de notre entreprise. Par exemple, nous encourageons la diversit\u00e9 en recrutant des talents issus de diff\u00e9rents horizons, en mettant l&rsquo;accent sur l&rsquo;\u00e9galit\u00e9 des chances et en offrant des formations et des opportunit\u00e9s de d\u00e9veloppement professionnel \u00e0 nos employ\u00e9s.<\/p>\n<p>En ce qui concerne l&rsquo;environnement, nous sommes engag\u00e9s \u00e0 r\u00e9duire notre empreinte \u00e9cologique et \u00e0 promouvoir des pratiques durables. Nous adoptons des politiques de recyclage, d&rsquo;\u00e9conomie d&rsquo;\u00e9nergie et de r\u00e9duction des d\u00e9chets dans nos bureaux. De plus, nous encourageons nos collaborateurs \u00e0 adopter des modes de transport plus \u00e9cologiques, tels que le covoiturage ou l&rsquo;utilisation de transports publics, et nous favorisons le t\u00e9l\u00e9travail lorsque cela est possible.<\/p>\n<p>Nous sommes conscients que le chemin vers une soci\u00e9t\u00e9 plus inclusive et durable est un travail continu, et nous sommes ouverts aux id\u00e9es et aux suggestions de notre communaut\u00e9. Nous aimerions entendre vos exp\u00e9riences et conna\u00eetre les actions que vous avez mises en place au sein de vos structures. N&rsquo;h\u00e9sitez pas \u00e0 partager vos commentaires et vos r\u00e9flexions avec nous. Rejoignez-nous dans cette d\u00e9marche et ensemble, faisons la diff\u00e9rence !\u00a0<\/p>\n<p>#environnement #travail #entreprises #lenait<\/p>[\/et_pb_text][\/et_pb_column][\/et_pb_row][\/et_pb_section]\n","protected":false},"excerpt":{"rendered":"<p>Nous rejoignons avec enthousiasme la communaut\u00e9 \u00ab\u00a0Les entreprises s&rsquo;engagent\u00a0\u00bb en tant que nouveau membre ! \ud83d\udca1 Depuis notre cr\u00e9ation, nous avons toujours \u00e9t\u00e9 d\u00e9termin\u00e9s \u00e0 faire face aux d\u00e9fis sociaux et environnementaux qui se pr\u00e9sentent \u00e0 nous. Rejoindre cette communaut\u00e9 dynamique nous permet de renforcer nos engagements et de contribuer activement \u00e0 une soci\u00e9t\u00e9 plus [&hellip;]<\/p>\n","protected":false},"author":3,"featured_media":817,"comment_status":"open","ping_status":"open","sticky":false,"template":"","format":"standard","meta":{"_et_pb_use_builder":"on","_et_pb_old_content":"","_et_gb_content_width":"","content-type":"","_sitemap_exclude":false,"_sitemap_priority":"","_sitemap_frequency":"","footnotes":""},"categories":[31,6,30],"tags":[],"class_list":["post-816","post","type-post","status-publish","format-standard","has-post-thumbnail","hentry","category-green-tech","category-linkedin","category-social"],"_links":{"self":[{"href":"https:\/\/www.lena-it.fr\/index.php\/wp-json\/wp\/v2\/posts\/816","targetHints":{"allow":["GET"]}}],"collection":[{"href":"https:\/\/www.lena-it.fr\/index.php\/wp-json\/wp\/v2\/posts"}],"about":[{"href":"https:\/\/www.lena-it.fr\/index.php\/wp-json\/wp\/v2\/types\/post"}],"author":[{"embeddable":true,"href":"https:\/\/www.lena-it.fr\/index.php\/wp-json\/wp\/v2\/users\/3"}],"replies":[{"embeddable":true,"href":"https:\/\/www.lena-it.fr\/index.php\/wp-json\/wp\/v2\/comments?post=816"}],"version-history":[{"count":3,"href":"https:\/\/www.lena-it.fr\/index.php\/wp-json\/wp\/v2\/posts\/816\/revisions"}],"predecessor-version":[{"id":820,"href":"https:\/\/www.lena-it.fr\/index.php\/wp-json\/wp\/v2\/posts\/816\/revisions\/820"}],"wp:featuredmedia":[{"embeddable":true,"href":"https:\/\/www.lena-it.fr\/index.php\/wp-json\/wp\/v2\/media\/817"}],"wp:attachment":[{"href":"https:\/\/www.lena-it.fr\/index.php\/wp-json\/wp\/v2\/media?parent=816"}],"wp:term":[{"taxonomy":"category","embeddable":true,"href":"https:\/\/www.lena-it.fr\/index.php\/wp-json\/wp\/v2\/categories?post=816"},{"taxonomy":"post_tag","embeddable":true,"href":"https:\/\/www.lena-it.fr\/index.php\/wp-json\/wp\/v2\/tags?post=816"}],"curies":[{"name":"wp","href":"https:\/\/api.w.org\/{rel}","templated":true}]}}