{"id":809,"date":"2023-04-11T16:13:00","date_gmt":"2023-04-11T14:13:00","guid":{"rendered":"https:\/\/www.lena-it.fr\/?p=809"},"modified":"2023-06-08T21:21:29","modified_gmt":"2023-06-08T19:21:29","slug":"lena-it-participe-aux-forums-ecoles-de-icn-business-school-et-excelia","status":"publish","type":"post","link":"https:\/\/www.lena-it.fr\/index.php\/2023\/04\/11\/lena-it-participe-aux-forums-ecoles-de-icn-business-school-et-excelia\/","title":{"rendered":"Lena IT participe aux forums \u00e9coles de ICN Business School et Excelia"},"content":{"rendered":"\n[et_pb_section fb_built=\u00a0\u00bb1&Prime; _builder_version=\u00a0\u00bb4.19.5&Prime; _module_preset=\u00a0\u00bbdefault\u00a0\u00bb da_disable_devices=\u00a0\u00bboff|off|off\u00a0\u00bb global_colors_info=\u00a0\u00bb{}\u00a0\u00bb theme_builder_area=\u00a0\u00bbet_body_layout\u00a0\u00bb da_is_popup=\u00a0\u00bboff\u00a0\u00bb da_exit_intent=\u00a0\u00bboff\u00a0\u00bb da_has_close=\u00a0\u00bbon\u00a0\u00bb da_alt_close=\u00a0\u00bboff\u00a0\u00bb da_dark_close=\u00a0\u00bboff\u00a0\u00bb da_not_modal=\u00a0\u00bbon\u00a0\u00bb da_is_singular=\u00a0\u00bboff\u00a0\u00bb da_with_loader=\u00a0\u00bboff\u00a0\u00bb da_has_shadow=\u00a0\u00bbon\u00a0\u00bb][et_pb_row _builder_version=\u00a0\u00bb4.20.2&Prime; _module_preset=\u00a0\u00bbdefault\u00a0\u00bb width=\u00a0\u00bb100%\u00a0\u00bb max_width=\u00a0\u00bb100%\u00a0\u00bb global_colors_info=\u00a0\u00bb{}\u00a0\u00bb theme_builder_area=\u00a0\u00bbet_body_layout\u00a0\u00bb][et_pb_column type=\u00a0\u00bb4_4&Prime; _builder_version=\u00a0\u00bb4.20.2&Prime; _module_preset=\u00a0\u00bbdefault\u00a0\u00bb global_colors_info=\u00a0\u00bb{}\u00a0\u00bb theme_builder_area=\u00a0\u00bbet_body_layout\u00a0\u00bb][et_pb_text _builder_version=\u00a0\u00bb4.21.0&Prime; _module_preset=\u00a0\u00bbdefault\u00a0\u00bb text_font_size=\u00a0\u00bb16px\u00a0\u00bb hover_enabled=\u00a0\u00bb0&Prime; global_colors_info=\u00a0\u00bb{}\u00a0\u00bb theme_builder_area=\u00a0\u00bbet_body_layout\u00a0\u00bb sticky_enabled=\u00a0\u00bb0&Prime;]<p>Le 4 avril dernier, nous nous sommes rendue aux forums \u00e9coles organis\u00e9s par l&rsquo;ICN Business School et Excelia. Ces \u00e9v\u00e9nements ont \u00e9t\u00e9 l&rsquo;occasion parfaite de rencontrer de jeunes candidats prometteurs et de <strong>souligner notre engagement envers le recrutement de profils juniors.<\/strong> L&rsquo;\u00e9quipe de Lena IT tient \u00e0 exprimer sa gratitude envers l&rsquo;ICN Business School et Valentine Buchler, ainsi qu&rsquo;envers Excelia et Tania Coffournic pour l&rsquo;organisation impeccable de ces forums.<\/p>\n<p>&nbsp;<\/p>\n<p><strong>Rencontrer les talents de demain: <\/strong><br \/>Les forums \u00e9coles sont des rendez-vous incontournables pour les entreprises qui souhaitent \u00e9tablir des liens solides avec les \u00e9tudiants et les jeunes dipl\u00f4m\u00e9s. Nous avons saisi cette opportunit\u00e9 pour se pr\u00e9senter aux candidats int\u00e9ress\u00e9s par les m\u00e9tiers de l&rsquo;informatique, du d\u00e9veloppement logiciel et de la gestion de projets technologiques.<\/p>\n<p>En mettant l&rsquo;accent sur le recrutement de profils juniors, nous tenons a montr\u00e9 son engagement envers l&rsquo;int\u00e9gration et le d\u00e9veloppement des jeunes talents. Nous reconaissons l&rsquo;importance de donner aux jeunes professionnels une chance de mettre en pratique leurs comp\u00e9tences et de contribuer \u00e0 des projets passionnants d\u00e8s le d\u00e9but de leur carri\u00e8re.<\/p>\n<p>&nbsp;<\/p>\n<p><strong>Perspectives futures: <\/strong><br \/>Gr\u00e2ce \u00e0 sa participation aux forums \u00e9coles, nous pouvons d\u00e9sormais envisager des collaborations futures avec des talents prometteurs. Nous sommes convaincue que les profils juniors ont un r\u00f4le cl\u00e9 \u00e0 jouer dans le d\u00e9veloppement de nouvelles id\u00e9es et de solutions novatrices. En recrutant des candidats fra\u00eechement dipl\u00f4m\u00e9s, c&rsquo;est une opportunit\u00e9\u00a0 d&rsquo;apporter une nouvelle \u00e9nergie \u00e0 des projets et de b\u00e9n\u00e9ficier de perspectives neuves.<\/p>\n<p>#junior #recrutement #lenait #business #school<\/p>[\/et_pb_text][\/et_pb_column][\/et_pb_row][\/et_pb_section]\n","protected":false},"excerpt":{"rendered":"<p>Le 4 avril dernier, nous nous sommes rendue aux forums \u00e9coles organis\u00e9s par l&rsquo;ICN Business School et Excelia. Ces \u00e9v\u00e9nements ont \u00e9t\u00e9 l&rsquo;occasion parfaite de rencontrer de jeunes candidats prometteurs et de souligner notre engagement envers le recrutement de profils juniors. L&rsquo;\u00e9quipe de Lena IT tient \u00e0 exprimer sa gratitude envers l&rsquo;ICN Business School et [&hellip;]<\/p>\n","protected":false},"author":3,"featured_media":812,"comment_status":"open","ping_status":"open","sticky":false,"template":"","format":"standard","meta":{"_et_pb_use_builder":"on","_et_pb_old_content":"","_et_gb_content_width":"","content-type":"","_sitemap_exclude":false,"_sitemap_priority":"","_sitemap_frequency":"","footnotes":""},"categories":[6],"tags":[],"class_list":["post-809","post","type-post","status-publish","format-standard","has-post-thumbnail","hentry","category-linkedin"],"_links":{"self":[{"href":"https:\/\/www.lena-it.fr\/index.php\/wp-json\/wp\/v2\/posts\/809","targetHints":{"allow":["GET"]}}],"collection":[{"href":"https:\/\/www.lena-it.fr\/index.php\/wp-json\/wp\/v2\/posts"}],"about":[{"href":"https:\/\/www.lena-it.fr\/index.php\/wp-json\/wp\/v2\/types\/post"}],"author":[{"embeddable":true,"href":"https:\/\/www.lena-it.fr\/index.php\/wp-json\/wp\/v2\/users\/3"}],"replies":[{"embeddable":true,"href":"https:\/\/www.lena-it.fr\/index.php\/wp-json\/wp\/v2\/comments?post=809"}],"version-history":[{"count":3,"href":"https:\/\/www.lena-it.fr\/index.php\/wp-json\/wp\/v2\/posts\/809\/revisions"}],"predecessor-version":[{"id":814,"href":"https:\/\/www.lena-it.fr\/index.php\/wp-json\/wp\/v2\/posts\/809\/revisions\/814"}],"wp:featuredmedia":[{"embeddable":true,"href":"https:\/\/www.lena-it.fr\/index.php\/wp-json\/wp\/v2\/media\/812"}],"wp:attachment":[{"href":"https:\/\/www.lena-it.fr\/index.php\/wp-json\/wp\/v2\/media?parent=809"}],"wp:term":[{"taxonomy":"category","embeddable":true,"href":"https:\/\/www.lena-it.fr\/index.php\/wp-json\/wp\/v2\/categories?post=809"},{"taxonomy":"post_tag","embeddable":true,"href":"https:\/\/www.lena-it.fr\/index.php\/wp-json\/wp\/v2\/tags?post=809"}],"curies":[{"name":"wp","href":"https:\/\/api.w.org\/{rel}","templated":true}]}}