{"id":656,"date":"2023-03-07T08:10:00","date_gmt":"2023-03-07T07:10:00","guid":{"rendered":"https:\/\/www.lena-it.fr\/?p=656"},"modified":"2023-04-18T08:12:59","modified_gmt":"2023-04-18T06:12:59","slug":"feminisation-des-metiers-du-numerique","status":"publish","type":"post","link":"https:\/\/www.lena-it.fr\/index.php\/2023\/03\/07\/feminisation-des-metiers-du-numerique\/","title":{"rendered":"F\u00e9minisation des m\u00e9tiers du num\u00e9rique"},"content":{"rendered":"\n[et_pb_section fb_built=\u00a0\u00bb1&Prime; _builder_version=\u00a0\u00bb4.19.5&Prime; _module_preset=\u00a0\u00bbdefault\u00a0\u00bb da_disable_devices=\u00a0\u00bboff|off|off\u00a0\u00bb global_colors_info=\u00a0\u00bb{}\u00a0\u00bb theme_builder_area=\u00a0\u00bbet_body_layout\u00a0\u00bb da_is_popup=\u00a0\u00bboff\u00a0\u00bb da_exit_intent=\u00a0\u00bboff\u00a0\u00bb da_has_close=\u00a0\u00bbon\u00a0\u00bb da_alt_close=\u00a0\u00bboff\u00a0\u00bb da_dark_close=\u00a0\u00bboff\u00a0\u00bb da_not_modal=\u00a0\u00bbon\u00a0\u00bb da_is_singular=\u00a0\u00bboff\u00a0\u00bb da_with_loader=\u00a0\u00bboff\u00a0\u00bb da_has_shadow=\u00a0\u00bbon\u00a0\u00bb][et_pb_row _builder_version=\u00a0\u00bb4.20.2&Prime; _module_preset=\u00a0\u00bbdefault\u00a0\u00bb width=\u00a0\u00bb100%\u00a0\u00bb max_width=\u00a0\u00bb100%\u00a0\u00bb custom_margin=\u00a0\u00bb|0px||0px|false|false\u00a0\u00bb custom_padding=\u00a0\u00bb|0px||0px|false|false\u00a0\u00bb global_colors_info=\u00a0\u00bb{}\u00a0\u00bb theme_builder_area=\u00a0\u00bbet_body_layout\u00a0\u00bb][et_pb_column type=\u00a0\u00bb4_4&Prime; _builder_version=\u00a0\u00bb4.19.5&Prime; _module_preset=\u00a0\u00bbdefault\u00a0\u00bb global_colors_info=\u00a0\u00bb{}\u00a0\u00bb theme_builder_area=\u00a0\u00bbet_body_layout\u00a0\u00bb][wdcl_image_carousel is_autoplay=\u00a0\u00bboff\u00a0\u00bb is_variable_width=\u00a0\u00bbon\u00a0\u00bb slide_width=\u00a0\u00bb400px\u00a0\u00bb slide_spacing=\u00a0\u00bb2px\u00a0\u00bb _builder_version=\u00a0\u00bb4.20.2&Prime; _module_preset=\u00a0\u00bbdefault\u00a0\u00bb hover_enabled=\u00a0\u00bb0&Prime; global_colors_info=\u00a0\u00bb{}\u00a0\u00bb theme_builder_area=\u00a0\u00bbet_body_layout\u00a0\u00bb sticky_enabled=\u00a0\u00bb0&Prime;][wdcl_image_carousel_child photo=\u00a0\u00bbhttps:\/\/www.lena-it.fr\/wp-content\/uploads\/2023\/04\/feminisation-des-metiers-du-numerique-1.png\u00a0\u00bb _builder_version=\u00a0\u00bb4.20.2&Prime; _module_preset=\u00a0\u00bbdefault\u00a0\u00bb hover_enabled=\u00a0\u00bb0&Prime; global_colors_info=\u00a0\u00bb{}\u00a0\u00bb theme_builder_area=\u00a0\u00bbet_body_layout\u00a0\u00bb alt=\u00a0\u00bbf\u00e9minisation des m\u00e9tiers du num\u00e9rique\u00a0\u00bb title_text=\u00a0\u00bbf\u00e9minisation des m\u00e9tiers du num\u00e9rique 1&Prime; sticky_enabled=\u00a0\u00bb0&Prime;][\/wdcl_image_carousel_child][wdcl_image_carousel_child photo=\u00a0\u00bbhttps:\/\/www.lena-it.fr\/wp-content\/uploads\/2023\/04\/feminisation-des-metiers-du-numerique-2.png\u00a0\u00bb _builder_version=\u00a0\u00bb4.20.2&Prime; _module_preset=\u00a0\u00bbdefault\u00a0\u00bb hover_enabled=\u00a0\u00bb0&Prime; global_colors_info=\u00a0\u00bb{}\u00a0\u00bb theme_builder_area=\u00a0\u00bbet_body_layout\u00a0\u00bb alt=\u00a0\u00bbf\u00e9minisation des m\u00e9tiers du num\u00e9rique\u00a0\u00bb title_text=\u00a0\u00bbf\u00e9minisation des m\u00e9tiers du num\u00e9rique 2&Prime; sticky_enabled=\u00a0\u00bb0&Prime;][\/wdcl_image_carousel_child][wdcl_image_carousel_child photo=\u00a0\u00bbhttps:\/\/www.lena-it.fr\/wp-content\/uploads\/2023\/04\/feminisation-des-metiers-du-numerique-3.png\u00a0\u00bb _builder_version=\u00a0\u00bb4.20.2&Prime; _module_preset=\u00a0\u00bbdefault\u00a0\u00bb hover_enabled=\u00a0\u00bb0&Prime; global_colors_info=\u00a0\u00bb{}\u00a0\u00bb theme_builder_area=\u00a0\u00bbet_body_layout\u00a0\u00bb alt=\u00a0\u00bbf\u00e9minisation des m\u00e9tiers du num\u00e9rique\u00a0\u00bb title_text=\u00a0\u00bbf\u00e9minisation des m\u00e9tiers du num\u00e9rique 3&Prime; sticky_enabled=\u00a0\u00bb0&Prime;][\/wdcl_image_carousel_child][wdcl_image_carousel_child photo=\u00a0\u00bbhttps:\/\/www.lena-it.fr\/wp-content\/uploads\/2023\/04\/feminisation-des-metiers-du-numerique-4.png\u00a0\u00bb _builder_version=\u00a0\u00bb4.20.2&Prime; _module_preset=\u00a0\u00bbdefault\u00a0\u00bb hover_enabled=\u00a0\u00bb0&Prime; global_colors_info=\u00a0\u00bb{}\u00a0\u00bb theme_builder_area=\u00a0\u00bbet_body_layout\u00a0\u00bb alt=\u00a0\u00bbf\u00e9minisation des m\u00e9tiers du num\u00e9rique\u00a0\u00bb title_text=\u00a0\u00bbf\u00e9minisation des m\u00e9tiers du num\u00e9rique 4&Prime; sticky_enabled=\u00a0\u00bb0&Prime;][\/wdcl_image_carousel_child][wdcl_image_carousel_child photo=\u00a0\u00bbhttps:\/\/www.lena-it.fr\/wp-content\/uploads\/2023\/04\/feminisation-des-metiers-du-numerique-5.png\u00a0\u00bb _builder_version=\u00a0\u00bb4.20.2&Prime; _module_preset=\u00a0\u00bbdefault\u00a0\u00bb global_colors_info=\u00a0\u00bb{}\u00a0\u00bb theme_builder_area=\u00a0\u00bbet_body_layout\u00a0\u00bb alt=\u00a0\u00bbf\u00e9minisation des m\u00e9tiers du num\u00e9rique\u00a0\u00bb title_text=\u00a0\u00bbf\u00e9minisation des m\u00e9tiers du num\u00e9rique 5&Prime;][\/wdcl_image_carousel_child][\/wdcl_image_carousel][et_pb_button button_url=\u00a0\u00bbhttps:\/\/www.linkedin.com\/posts\/lena-it_lena-it-f%C3%A9minisation-des-m%C3%A9tiers-du-num%C3%A9rique-activity-7039263501458006016-20O6?utm_source=share&#038;utm_medium=member_desktop\u00a0\u00bb button_text=\u00a0\u00bbVoir sur LinkedIn\u00a0\u00bb button_alignment=\u00a0\u00bbcenter\u00a0\u00bb _builder_version=\u00a0\u00bb4.20.2&Prime; _module_preset=\u00a0\u00bbdefault\u00a0\u00bb custom_button=\u00a0\u00bbon\u00a0\u00bb button_text_size=\u00a0\u00bb14px\u00a0\u00bb button_text_color=\u00a0\u00bb#68A03E\u00a0\u00bb hover_enabled=\u00a0\u00bb0&Prime; global_colors_info=\u00a0\u00bb{}\u00a0\u00bb theme_builder_area=\u00a0\u00bbet_body_layout\u00a0\u00bb sticky_enabled=\u00a0\u00bb0&Prime;][\/et_pb_button][\/et_pb_column][\/et_pb_row][et_pb_row _builder_version=\u00a0\u00bb4.20.2&Prime; _module_preset=\u00a0\u00bbdefault\u00a0\u00bb width=\u00a0\u00bb100%\u00a0\u00bb max_width=\u00a0\u00bb100%\u00a0\u00bb global_colors_info=\u00a0\u00bb{}\u00a0\u00bb theme_builder_area=\u00a0\u00bbet_body_layout\u00a0\u00bb][et_pb_column type=\u00a0\u00bb4_4&Prime; _builder_version=\u00a0\u00bb4.20.2&Prime; _module_preset=\u00a0\u00bbdefault\u00a0\u00bb global_colors_info=\u00a0\u00bb{}\u00a0\u00bb theme_builder_area=\u00a0\u00bbet_body_layout\u00a0\u00bb][et_pb_text _builder_version=\u00a0\u00bb4.20.2&Prime; _module_preset=\u00a0\u00bbdefault\u00a0\u00bb text_font_size=\u00a0\u00bb16px\u00a0\u00bb hover_enabled=\u00a0\u00bb0&Prime; global_colors_info=\u00a0\u00bb{}\u00a0\u00bb theme_builder_area=\u00a0\u00bbet_body_layout\u00a0\u00bb sticky_enabled=\u00a0\u00bb0&Prime;]<p><span>30%, 1\/5, 18% c&rsquo;est peu non ? \ud83e\uddd0<\/span><\/p>\n<p><span>Mais que repr\u00e9sentent ces chiffres selon-vous ?<\/span><\/p>\n<p><span>\ud83d\udc49 30% c&rsquo;est le nombre de femmes travaillant dans le secteur du num\u00e9rique<\/span><br \/><span>\ud83d\udc49 Moins de un salari\u00e9 sur cinq dans la tech est une femme en France.<\/span><br \/><span>\ud83d\udc49 18% C&rsquo;est le nombre de femmes sp\u00e9cialistes des TIC en Europe.<\/span><\/p>\n<p><span>Chez Lena IT, on s&rsquo;engage pour la f\u00e9minisation des m\u00e9tiers du num\u00e9rique, et vous quelles sont vos actions ?<\/span><\/p>\n<p><span>Source : rapport DESI 2020<\/span><\/p>[\/et_pb_text][\/et_pb_column][\/et_pb_row][\/et_pb_section]\n","protected":false},"excerpt":{"rendered":"<p>30%, 1\/5, 18% c&rsquo;est peu non ? \ud83e\uddd0 Mais que repr\u00e9sentent ces chiffres selon-vous ?<\/p>\n","protected":false},"author":3,"featured_media":662,"comment_status":"open","ping_status":"open","sticky":false,"template":"","format":"standard","meta":{"_et_pb_use_builder":"on","_et_pb_old_content":"","_et_gb_content_width":"","content-type":"","_sitemap_exclude":false,"_sitemap_priority":"","_sitemap_frequency":"","footnotes":""},"categories":[6],"tags":[],"class_list":["post-656","post","type-post","status-publish","format-standard","has-post-thumbnail","hentry","category-linkedin"],"_links":{"self":[{"href":"https:\/\/www.lena-it.fr\/index.php\/wp-json\/wp\/v2\/posts\/656","targetHints":{"allow":["GET"]}}],"collection":[{"href":"https:\/\/www.lena-it.fr\/index.php\/wp-json\/wp\/v2\/posts"}],"about":[{"href":"https:\/\/www.lena-it.fr\/index.php\/wp-json\/wp\/v2\/types\/post"}],"author":[{"embeddable":true,"href":"https:\/\/www.lena-it.fr\/index.php\/wp-json\/wp\/v2\/users\/3"}],"replies":[{"embeddable":true,"href":"https:\/\/www.lena-it.fr\/index.php\/wp-json\/wp\/v2\/comments?post=656"}],"version-history":[{"count":3,"href":"https:\/\/www.lena-it.fr\/index.php\/wp-json\/wp\/v2\/posts\/656\/revisions"}],"predecessor-version":[{"id":668,"href":"https:\/\/www.lena-it.fr\/index.php\/wp-json\/wp\/v2\/posts\/656\/revisions\/668"}],"wp:featuredmedia":[{"embeddable":true,"href":"https:\/\/www.lena-it.fr\/index.php\/wp-json\/wp\/v2\/media\/662"}],"wp:attachment":[{"href":"https:\/\/www.lena-it.fr\/index.php\/wp-json\/wp\/v2\/media?parent=656"}],"wp:term":[{"taxonomy":"category","embeddable":true,"href":"https:\/\/www.lena-it.fr\/index.php\/wp-json\/wp\/v2\/categories?post=656"},{"taxonomy":"post_tag","embeddable":true,"href":"https:\/\/www.lena-it.fr\/index.php\/wp-json\/wp\/v2\/tags?post=656"}],"curies":[{"name":"wp","href":"https:\/\/api.w.org\/{rel}","templated":true}]}}